{"id":2349,"date":"2020-11-13T13:12:43","date_gmt":"2020-11-13T16:12:43","guid":{"rendered":"https:\/\/chileconecta.cl\/en\/?p=2349"},"modified":"2020-11-13T17:41:35","modified_gmt":"2020-11-13T20:41:35","slug":"participation-uptick-in-chiles-international-doc-forum-conecta","status":"publish","type":"post","link":"https:\/\/chileconecta.cl\/en\/noticias\/participation-uptick-in-chiles-international-doc-forum-conecta\/","title":{"rendered":"Participation Uptick in Chile\u2019s International Doc Forum, Conecta"},"content":{"rendered":"<p>Source:<br \/>\n<a href=\"https:\/\/variety.com\/2020\/film\/global\/chile-international-doc-forum-conecta-participation-1234831064\/\" rel=\"noopener noreferrer\" target=\"_blank\">Variety<\/a><\/p>\n<p>Chile\u2019s premier international documentary forum, Conecta, is seeing a sizable boost in attendance for its upcoming virtual edition.  It\u2019s the proverbial silver lining in the global pandemic that has allowed more people to attend festivals and markets, albeit online, which time constraints and long distances may have thwarted in the past. Normally held in December, Conecta\u2019s fifth edition has been slated for Jan. 19-28, 2021.<br \/>\nThe number of entries to Conecta also saw a 50% increase compared to its 2019 edition, with some 15 Latin American countries submitting up to nearly 300 non-fiction projects for the forum\u2019s sections. \u201cWe used to get, on average, between 80 and 90 applications per year,\u201d said co-executive director Flor Rubina.<br \/>\nFounded by CCDoc (Chilean Documentary Corporation) in 2016, Conecta is spearheaded by an executive team that includes Rubina, Paola Castillo, Diego Pino and Paula Ossandon. The forum has proven to be an appointment event for Latin American producers, festival programmers, film funds, buyers, TV programmers as well as sales and distribution companies.<br \/>\nConecta\u2019s Work in Progress (WIP) section has received up to 73 applications so far, Rubina noted. 8 to 10 Latin American docs in post will be selected for market attendees, especially exhibitors and sales agents, to peruse and later discuss with the producers and\/or the filmmakers.<\/p>\n<p>Two workshops, to which the call for submissions is open until Nov. 29, have been confirmed thus far:<\/p>\n<p>Argentine producer Gema Juarez Allen of Gema Films will be hosting the workshop titled \u201cHow to Improve the Potential of your Documentary in Development,\u201d which will run for two and a half days. The workshop is open to documentaries or doc series in development or in early stages of production.<\/p>\n<p>The Sundance Institute will run a workshop on an unprecedented theme: \u201cConnecting with Your Roots,\u201d which is tailored for producers or filmmakers of Latin American ethnicity.<\/p>\n<p>The theme could not be more timely given the growing interest in giving more ethnic minorities a voice. Out of the entries submitted to the forum, several delve into human rights issues, especially those of marginalized groups, as well as environmental and political concerns, said Rubina. Chile\u2019s time-honored tradition in documentary filmmaking is best exemplified by Patricio Guzman who was exiled under Augusto Pinochet\u2019s infamous military dictatorship, Rubina observed.<\/p>\n<p>Now a new generation of filmmakers in breaking through with a considerable presence at international events, such as Dok Leipzig and IDFA.<\/p>\n<p>The forum also includes a networking section, dubbed Connected, for documentaries and series in development to participate in round tables and individual meetings with Conecta guests.<\/p>\n<p>A section on Distribution, for documentaries or series that are either in post-production, in the editing phase or completed, facilitates meetings for filmmakers with film festival reps, indie cinemas, distributors, sales agents, online platforms and TV stations.<br \/>\nIn addition, Campus Latino, a joint training program by Documentary Campus, the Goethe-Institute of M\u00e9xico and production company BWP, takes place within the forum for a second time. These will include seven to 12 projects from various countries.<\/p>\n<p>A wealth of awards will be given out to further incentivize participation, among them the new Cineteca Nacional de Chile prize, aimed at Chilean projects participating in WIP and Connected. It consists of post-production support in kind and a cash prize of $6,000.<\/p>\n<p>Other prizes include the Kin\u00e9 Im\u00e1genes award, Sonamos, Sof\u00e1 Digital, R2Media, DocMontevideo and DocsMx.<\/p>\n","protected":false},"excerpt":{"rendered":"<p>Source: Variety Chile\u2019s premier international documentary forum, Conecta, is seeing a sizable boost in attendance for its upcoming virtual edition. It\u2019s the proverbial silver lining in the global pandemic that has allowed more people to attend festivals and markets, albeit online, which time constraints and long distances may have thwarted in the past. Normally held [&hellip;]<\/p>\n","protected":false},"author":7,"featured_media":0,"comment_status":"open","ping_status":"open","sticky":false,"template":"","format":"standard","meta":{"footnotes":""},"categories":[1],"tags":[],"class_list":["post-2349","post","type-post","status-publish","format-standard","hentry","category-noticias"],"acf":[],"_links":{"self":[{"href":"https:\/\/chileconecta.cl\/en\/wp-json\/wp\/v2\/posts\/2349","targetHints":{"allow":["GET"]}}],"collection":[{"href":"https:\/\/chileconecta.cl\/en\/wp-json\/wp\/v2\/posts"}],"about":[{"href":"https:\/\/chileconecta.cl\/en\/wp-json\/wp\/v2\/types\/post"}],"author":[{"embeddable":true,"href":"https:\/\/chileconecta.cl\/en\/wp-json\/wp\/v2\/users\/7"}],"replies":[{"embeddable":true,"href":"https:\/\/chileconecta.cl\/en\/wp-json\/wp\/v2\/comments?post=2349"}],"version-history":[{"count":7,"href":"https:\/\/chileconecta.cl\/en\/wp-json\/wp\/v2\/posts\/2349\/revisions"}],"predecessor-version":[{"id":2359,"href":"https:\/\/chileconecta.cl\/en\/wp-json\/wp\/v2\/posts\/2349\/revisions\/2359"}],"wp:attachment":[{"href":"https:\/\/chileconecta.cl\/en\/wp-json\/wp\/v2\/media?parent=2349"}],"wp:term":[{"taxonomy":"category","embeddable":true,"href":"https:\/\/chileconecta.cl\/en\/wp-json\/wp\/v2\/categories?post=2349"},{"taxonomy":"post_tag","embeddable":true,"href":"https:\/\/chileconecta.cl\/en\/wp-json\/wp\/v2\/tags?post=2349"}],"curies":[{"name":"wp","href":"https:\/\/api.w.org\/{rel}","templated":true}]}}