{"id":2777,"date":"2020-12-24T13:08:12","date_gmt":"2020-12-24T16:08:12","guid":{"rendered":"https:\/\/chileconecta.cl\/en\/?p=2777"},"modified":"2020-12-28T12:29:53","modified_gmt":"2020-12-28T15:29:53","slug":"women-led-projects-stand-out-for-conecta-2021","status":"publish","type":"post","link":"https:\/\/chileconecta.cl\/en\/noticias\/women-led-projects-stand-out-for-conecta-2021\/","title":{"rendered":"WOMEN-LED PROJECTS STAND OUT FOR CONECTA 2021"},"content":{"rendered":"<p>After a successful call with more than 300 applicants from various Latin American countries, a total of 77 projects were selected to participate in the 5th international documentary industry meeting event Conecta, which will take place virtually in January 19 to 28, 2021.<\/p>\n<p>On this occasion, the leading role that women have acquired in the event is well noted,  with a total of 53 proposals being directed and produced by women, which will allow them to improve opportunities and enhance the production, marketing and distribution of their documentaries.  This reinforces the need to continue to make visible and enhance gender equality in the industry.<\/p>\n<p>The selected projects will be able to dialogue with more than 70 national and international guests, such as funds representatives,  festivals,  markets, distributors, sales agents, screening platforms,  exhibitors,  programmers and producers, thus enabling the Latin American market to be supported by making known the diversity and richness of gender equality in the world.<br \/>\nThis year there are 26 projects selected for the category Conectados, an instance that aspires to match the interests of the projects with the financing  roles and lines of work of the guests. <\/p>\n<p>Selected Projects:<\/p>\n<p>This year there are 26 projects selected for the category Conectados, an instance that aspires to match the interests of the projects with the financing  roles and lines of work of the guests. <\/p>\n<p>11 selected projecst will participate in Work in progress, an activity that focuses on promoting documentaries in the editing stage.<\/p>\n<p>18 titles will participate in Conecta con la distribuci\u00f3n, which looks to help documentaries and series in the editing stage, post-production or finished, in order to establish commercial ties and boost new distribution windows for the Latin American documentary.<\/p>\n<p>5 members of the Conecta con las Ra\u00edces Workshop, oriented to help filmmakers from indigenous Latin American communities with documentary projects in the development stage or in the initial stage of production.<\/p>\n<p>6 projects for the Workshop Potencia tu documental en desarrollo, for documentaries and series in development or beginning of production.<\/p>\n<p>11 were chosen for the Campus Latino, a training program that is open to documentary filmmakers from Latin America and Spain who look for an international audience and aspire to strengthen relations between Latin America and Europe.<\/p>\n<p><strong>CONECTADOS SELECTION<\/strong><\/p>\n<p>&#8211;\t<strong>\u00bfMa\u00f1ana qu\u00e9 vamos a hacer?  (Argentina)<\/strong>&#8211; \u2013 Directed by Francisco Mart\u00edn and produced by Ver\u00f3nica Benegas<br \/>\n&#8211;\t<strong>Acuatenientes (Colombia)<\/strong>&#8211; \u2013 Directed by Andr\u00e9s Gil and produced by Lissette Orozco &#038; Mateo P\u00e9rez<br \/>\n&#8211;\t<strong>Ancacoy (Chile)<\/strong> &#8211;  Directed by Mar\u00eda Paz Gonz\u00e1lez &#038; Nicole B\u00f6ck Dupont, produced by Macarena Aguil\u00f3 &#038; Nicole B\u00f6ck Dupont.<br \/>\n&#8211;\t<strong>Here silence is heard(Chile)<\/strong> \u2013 Directed by Gabriela Pena and produced by Picho Garc\u00eda<br \/>\n&#8211;\t<strong>BABA (Panama)<\/strong> \u2013 Directed by Harry Paul Oglivie Valles and produced by Juan Said Isaac Zepeda<br \/>\n&#8211;\t<strong>Baile de los que sobran \u2013 DocMontevideo Award (Mexico \/ Chile)<\/strong> \u2013 Directed by \u00c1ngel Linarez , produced by Emilio Aguilar &#038; Miguel \u00c1ngel S\u00e1nchez<br \/>\n&#8211;\t<strong>Breaking the Brick (Chile)<\/strong>  &#8211; Directed and produced by Carola Fuentes &#038; Rafael Valdeavellano<br \/>\n&#8211;\t<strong>Cartograf\u00edas do Corpo (Cartograf\u00edas del Cuerpo) (Brazil)<\/strong> \u2013 Directed by Leonardo Barcelos  and produced by Andr\u00e9 Hallak<br \/>\n&#8211;\t<strong>En b\u00fasqueda del jiwasa (Chile \/ Peru)<\/strong> \u2013 Directed by Evaristo Jarawi and produced by Jose Miguel Garrido<br \/>\n&#8211;\t<strong>En el muro (Chile \/ Peru)<\/strong> &#8211;  Directed by Juan Francisco Gonzalez, produced by Catalina Alarc\u00f3n &#038; Diego Sarmiento<br \/>\n&#8211;\t<strong>Ida en Ida  (Uruguay)<\/strong> &#8211;  Directed by Mar\u00eda In\u00e9s Arrillaga  and produced by In\u00e9s V\u00e1zquez<br \/>\n&#8211;\t<strong>Jirafas (Ecuador)<\/strong> \u2013 Directed by Felipe Carmona &#038; Sarah\u00ed Echeverr\u00eda  and produced by Sarah\u00ed Echeverr\u00eda<br \/>\n&#8211;\t<strong>Juan contra los monstruos (Chile)<\/strong>  &#8211; Directed by Elvira D\u00edaz and produced by Claudia Barril<br \/>\n&#8211;\t<strong>Kid chocolate (Brazil \/ Cuba)<\/strong> \u2013 Directed by Anna Lu Machado and produced by Luana Macedo<br \/>\n&#8211;\t<strong>La nieve entre los dos (Chile)<\/strong> \u2013 Directed and produced by Pablo Mart\u00ednez Pessi<br \/>\n&#8211;\t<strong>La velera (Chile)<\/strong> \u2013 Directed by Francisco Bermejo and produced by Francisco Herv\u00e9, Mois\u00e9s Sep\u00falveda &#038; Daniela Raviola.<br \/>\n&#8211;\t<strong>La vida secreta de las rosas (Ecuador)<\/strong> \u2013 Directed by  Ileana Matamoros &#038; Julie Tom\u00e9 and  produced by Ana Gabriela Y\u00e9pez.<br \/>\n&#8211;\t<strong>La voz de Dios \u2013 Cinemundi Award (Brazil)<\/strong> \u2013 Directed by Miguel Antunes Ramos and produced by Alice Riff<br \/>\n&#8211;\t <strong>Los ni\u00f1os del agua (Chile)<\/strong> &#8211;  Directed by Joy Penroz and produced by Sylvain Grain<br \/>\n&#8211;\t<strong>Macondam\u00e9rica (Brazil)<\/strong> \u2013 Directed by Ana Teixeira and produced by Jana\u00edna Moraes<br \/>\n&#8211;\t<strong>Mi abuela, al mundial (Uruguay)<\/strong> \u2013 Directed by Alfonsina Alonso, produced by Alfonsina Alonso &#038; Gerardo Castelli.<br \/>\n&#8211;\t<strong>NI\u00d1XS (Mexico)<\/strong> \u2013 Directed by Kani Lapuerta Laordenctor  and produced by Suleica Adriana Pineda<br \/>\n&#8211;\t<strong>Otra orqu\u00eddea &#8211; DocsMX Award (Brazil)<\/strong> \u2013 Directed by Karen Gronich and produced by Petra Costa<br \/>\n&#8211;\t<strong>Promesantes (Bolivia)<\/strong> \u2013 Directed by Helga Delgadillo &#038; Alejandro Quiroga and produced by  Alejandro Quiroga, Milton Rios &#038; Helga Delgadillo.<br \/>\n&#8211;\t<strong>Un documental llamado deseo (Chile)<\/strong> \u2013 Directed by Cristi\u00e1n Jimenez, produced by Jos\u00e9 Luis Rivas &#038; Valentina Roblero<br \/>\n&#8211;\t<strong>Una puntada, una l\u00e1grima (Colombia)<\/strong>&#8211; Directed by Isabel Macias &#038;  Carlos Castro Macea, produced Romina Savary &#038; Carlos Castro Macea.<br \/>\n<strong>WORK IN PROGRESS SELECTION<\/strong><br \/>\n&#8211;\t<strong>Albertina y los muertos (Chile)<\/strong> \u2013 Directed by C\u00e9sar Borie  and produced by Roc\u00edo Romero<br \/>\n&#8211;\t<strong>Bajo sospecha (Chile)<\/strong> \u2013 Directed by Daniel D\u00edaz Oyarz\u00fan, produced by Esteban Sandoval Carrasco &#038; Felipe Poblete<br \/>\n&#8211;\t<strong>Ese soplo (Uruguay)<\/strong> \u2013 Directed by Valentina Baracco Pena, produced by Andr\u00e9s D&#8217;Avenia, Eugenia Olascuaga &#038; Valentina Baracco.<br \/>\n&#8211;\t<strong>Eudaldo: tengo una cita con un \u00e1rbol (Chile \/ France)<\/strong> \u2013 Directed by Benjamin Delattre, produced by  Miguel Soffia &#038; Sophie Faudel<br \/>\n&#8211;\t<strong>Germino p\u00e9talos en el asfalto (Docs SP Award) (Brazil)<\/strong> &#8211;  Directed and produced by Julio Matos &#038; Coraci Ruiz<br \/>\n&#8211;\t<strong>La playa de los enchaquirados (Ecuador)<\/strong> \u2013 Directed by Iv\u00e1n Mora Manzano and produced by Alfredo Mora Manzano.<br \/>\n&#8211;\t<strong>Las fronteras se mov\u00edan  (Argentina)<\/strong>&#8211; Directed by Marina Belaustegui Keller &#038; Mario Durrieu.<br \/>\n&#8211;\t<strong>Lejos de casa (M\u00e9xico)<\/strong> \u2013 Directed by Carlos Hernandez Vazquez and produced by Gabriela Gavica.<br \/>\n&#8211;\t<strong>Los sue\u00f1os de mi padre (Uruguay)<\/strong> \u2013 Directed by Juan Ignacio Fern\u00e1ndez Hoppe  and produced by Carolina Campo Lupo.<br \/>\n&#8211;\t<strong>Manantiales del canto (Argentina)<\/strong> \u2013 Directed by Federico Abuaf &#038; Juli\u00e1n Gabriel Vey and produced by Gabriela Gavica.<br \/>\n&#8211;\t<strong>Punto de encuentro (Chile)<\/strong> \u2013 Directed by Roberto Baeza and produced by Paulina Costa<\/p>\n<p><strong>CONECTA CON LA DISTRIBUCI\u00d3N SELECTION<\/strong><\/p>\n<p>&#8211;\t<strong>\u00bfHay algo en lugar de nada? (Chile)<\/strong> \u2013 Directed by Peter McPhee  and produced by Ana Bel\u00e9n Asfura<br \/>\n&#8211;\t<strong>Arica (Sweden \/ Belgium \/ Norway \/ England \/ Chile)<\/strong> \u2013 Directed by  Lars Edman &#038;  William Johanson, produced by Andreas Rocks\u00e9n &#038; William Johanson<br \/>\n&#8211;\t<strong>Buenas noches Malvinas (Argentina)<\/strong> \u2013 Directed by Ana Fraile &#038; Lucas Scavino, produced by Ana Fraile &#038; Eduardo S\u00e1nchez.<br \/>\n&#8211;\t<strong>Desentierros (Argentina)<\/strong> \u2013 Directed by Mar\u00eda Julia Blanco, produced by Pamela Carlino &#038; Agust\u00edn del Carpio.<br \/>\n&#8211;\t<strong>Edita (Chile)<\/strong> \u2013 Directed by Pamela Pollak and produced by Carola Ojalvo<br \/>\n&#8211;\t<strong>El silencio del topo (Guatemala)<\/strong> \u2013 Directed by Anais Taracena, produced by Anais Taracena &#038; Rafael Gonzalez<br \/>\n&#8211;\t<strong>Espacio desierto (Chile)<\/strong> &#8211;  Directed by Yerko Ravlic and produced by Michel Toledo<br \/>\n&#8211;\t<strong>Laura (Chile)<\/strong> \u2013 Directed and produced by Francisco Bustamante<br \/>\n&#8211;\t<strong>Los Jaivas todos juntos (Chile)<\/strong> \u2013 Directed and produced by Macarena Cardone<br \/>\n&#8211;\t<strong>Memorias de luz (Chile)<\/strong> \u2013 Directed by Sebasti\u00e1n Fern\u00e1ndez and produced by Francisco  Bisa\u00f1ez<br \/>\n&#8211;\t<strong>Mujer de soldado (Peru)<\/strong>  \u2013 Directed by Patricia Wiesse Risso and produced by Jenny Velapati\u00f1o<br \/>\n&#8211;\t<strong>Paradais (Chile)<\/strong>  &#8211; Directed by Mat\u00edas Jim\u00e9nez and produced by Macarena Monr\u00f3s<br \/>\n&#8211;\t<strong>Partida (Brazil)<\/strong>  \u2013 Directed by Caco Ciocler  and produced by Beto Amaral<br \/>\n&#8211;\t<strong>Posdata (Ecuador)<\/strong> \u2013 Directed and produced by  Juan Martin Cueva<br \/>\n&#8211;\t<strong>Ancestral Secret (Chile)<\/strong> \u2013 Directed by Jota Loyola and produced by Carola Fuentes<br \/>\n&#8211;\t<strong>Sergio Larra\u00edn, the eternal moment (Chile)<\/strong>  &#8211; Directed by Sebasti\u00e1n Moreno  and produced by Claudia Barril<br \/>\n&#8211;\t<strong>Traves\u00eda travesti (Chile)<\/strong> \u2013 Directed by Nicol\u00e1s Videla and produced by Nicole Bonilla<br \/>\n&#8211;\t<strong>Zoila (Chile)<\/strong> \u2013 Directed by Gabriela Pena and produced by Picho Garc\u00eda<\/p>\n<p><strong>TALLER CONECTA CON TUS RA\u00cdCES SELECTION<\/strong><\/p>\n<p>&#8211;\t<strong>The life that will come (Chile)<\/strong>  &#8211;   Directed by Karin Cuyul and produced by Jos\u00e9phine Schroeder<br \/>\n&#8211;\t<strong>Flores en el valle (Mexico)<\/strong>  &#8211; Directed by Ram\u00f3n Llaven Zavala and produced by Juan Eduardo Navarrete Pajarito.<br \/>\n&#8211;\t<strong>Los hijos (Chile)<\/strong>  &#8211; Directed by Leonardo Pakarati  and produced by Paula Rossetti<br \/>\n&#8211;\t<strong>I am Karukinka (Chile)<\/strong> \u2013 Directed and produced by Caroline Pavez<br \/>\n&#8211;\t<strong>Akcha sapi (Citlalii es mujer) (Ecuador)<\/strong>&#8211; Directed by Joshi Espinosa Anguaya and produced by Citlalli Anrrango Cadena<\/p>\n<p><strong>TALLER POTENCIA TU DOCUMENTAL EN DESARROLLO SELECTION<\/strong><\/p>\n<p>&#8211;\t<strong>Apuntes para un conflicto armado (Chile)<\/strong> \u2013 Directed and produced by Pablo Rivas<br \/>\n&#8211;\t<strong>Aunque seamos pocos (Argentina)<\/strong> \u2013 Directed by Romina Coronel  and produced by Nacho Aguirre<br \/>\n&#8211;\t<strong>\u00c9 Tudo Parente \/ Es Todo Pariente (Brazil)<\/strong> \u2013 Directed by Mariana Fagundes Azevedo and produced by Andr\u00e9 Hallak.<br \/>\n&#8211;\t<strong>El fantasma de Mar\u00eda (Chile)<\/strong> \u2013 Directed by Nicol\u00e1s Superby and produced by Florencia Dupont<br \/>\n&#8211;\t<strong>Rosa (Chile)<\/strong> &#8211;  Directed and produced by Dianne D\u00edaz<br \/>\n&#8211;\t<strong>Toda memoria es de la vida (Brazil)<\/strong> \u2013 Directed by Angela Donini &#038; Laura Murray and produced by Luis Carlos de Alencar<\/p>\n<p><strong>CAMPUS LATINO SELECTION<\/strong><\/p>\n<p>&#8211;\t<strong>Nosotros los Wolf (Ecuador)<\/strong> \u2013 Directed by Dario Aguirre  and produced by Stephanie Tonn<br \/>\n&#8211;\t<strong>Brigade 2045 (Mexico)<\/strong> &#8211;  Directed by Olivia Luengas and produced by Odin Acosta Ascencio<br \/>\n&#8211;\t<strong>Tres sisters (Colombia)<\/strong> \u2013 Directed by Joyce Ventura and produced by Laura Coronado<br \/>\n&#8211;\t<strong>Custodio the Tiger of the East (Chile)<\/strong> &#8211;  Directed by Jorge Acevedo  and produced by Mixie Araya<br \/>\n&#8211;\t<strong>Volver a Volver (Spain \/ Venezuela)<\/strong> &#8211;  Directed by Jorge S\u00e1nchez Calder\u00f3n &#038; Valerio Mendoza, produced by Kate\u0159ina \u010cern\u00e1<br \/>\n&#8211;\t<strong>Olimpia (Mexico)<\/strong> &#8211;  Directed by Indira Cato and produced by Hugo Ch\u00e1vez Carvajal<br \/>\n&#8211;\t<strong>Traw\u00fcn de Forrowe (Chile)<\/strong> &#8211;  Directed by Mat\u00edas Riquelme &#038; Camille Fabbro and produced by Fernanda Mancilla<br \/>\n&#8211;\t<strong>Calle de Los Angeles (Spain)<\/strong> \u2013 Directed by Silvia Rey and produced by Alejandra Mora<br \/>\n&#8211;\t<strong>Minotauro (Colombia)<\/strong> \u2013 Directed by Joaqu\u00edn Uribe  and prodyced by Amaranta Fiquitiva Contreras<br \/>\n&#8211;\t<strong>The Castle (Argentina)<\/strong> \u2013 Directed by Mart\u00edn Benchimol and produced by Mayra Bottero<br \/>\n&#8211;\t<strong>Carceleras  (Brazil)<\/strong>&#8211;  Directed by J\u00falia Hannud and produced by Sabrina Zimmermann<\/p>\n","protected":false},"excerpt":{"rendered":"<p>After a successful call with more than 300 applicants from various Latin American countries, a total of 77 projects were selected to participate in the 5th international documentary industry meeting event Conecta, which will take place virtually in January 19 to 28, 2021. On this occasion, the leading role that women have acquired in the [&hellip;]<\/p>\n","protected":false},"author":7,"featured_media":0,"comment_status":"open","ping_status":"open","sticky":false,"template":"","format":"standard","meta":{"footnotes":""},"categories":[1],"tags":[],"class_list":["post-2777","post","type-post","status-publish","format-standard","hentry","category-noticias"],"acf":[],"_links":{"self":[{"href":"https:\/\/chileconecta.cl\/en\/wp-json\/wp\/v2\/posts\/2777","targetHints":{"allow":["GET"]}}],"collection":[{"href":"https:\/\/chileconecta.cl\/en\/wp-json\/wp\/v2\/posts"}],"about":[{"href":"https:\/\/chileconecta.cl\/en\/wp-json\/wp\/v2\/types\/post"}],"author":[{"embeddable":true,"href":"https:\/\/chileconecta.cl\/en\/wp-json\/wp\/v2\/users\/7"}],"replies":[{"embeddable":true,"href":"https:\/\/chileconecta.cl\/en\/wp-json\/wp\/v2\/comments?post=2777"}],"version-history":[{"count":4,"href":"https:\/\/chileconecta.cl\/en\/wp-json\/wp\/v2\/posts\/2777\/revisions"}],"predecessor-version":[{"id":2782,"href":"https:\/\/chileconecta.cl\/en\/wp-json\/wp\/v2\/posts\/2777\/revisions\/2782"}],"wp:attachment":[{"href":"https:\/\/chileconecta.cl\/en\/wp-json\/wp\/v2\/media?parent=2777"}],"wp:term":[{"taxonomy":"category","embeddable":true,"href":"https:\/\/chileconecta.cl\/en\/wp-json\/wp\/v2\/categories?post=2777"},{"taxonomy":"post_tag","embeddable":true,"href":"https:\/\/chileconecta.cl\/en\/wp-json\/wp\/v2\/tags?post=2777"}],"curies":[{"name":"wp","href":"https:\/\/api.w.org\/{rel}","templated":true}]}}