{"id":8445,"date":"2023-12-29T10:55:44","date_gmt":"2023-12-29T13:55:44","guid":{"rendered":"https:\/\/chileconecta.cl\/en\/?p=8445"},"modified":"2024-01-03T11:02:50","modified_gmt":"2024-01-03T14:02:50","slug":"conecta-2023-awards-14-prizes-in-a-successful-closing-ceremony","status":"publish","type":"post","link":"https:\/\/chileconecta.cl\/en\/noticias\/conecta-2023-awards-14-prizes-in-a-successful-closing-ceremony\/","title":{"rendered":"Conecta 2023 awards 14 prizes in a successful closing ceremony"},"content":{"rendered":"<p>\u2022 <strong>Conecta<\/strong> took place <strong>from December 12 to 15, 2023<\/strong>, in Santiago, Chile. Among guests from the documentary community, filmmakers, and workshop participants, <strong>27 countries<\/strong> from the <strong>Americas<\/strong>, <strong>Europe<\/strong>, and <strong>Asia<\/strong> were represented.<\/p>\n<p>\u2022 The <strong>Brazilian-Japanese project <em>Green Kids<\/em><\/strong>, directed by Pedro Nishi and produced by Jo\u00e3o Pedro Bim and Lucas Silva Campos, received the 3,000 pounds sterling award from <strong>The Whickers<\/strong>, a British organization that funds first feature films.<\/p>\n<p>\u2022 In total, <strong>14 awards <\/strong>were given to projects from <strong>Peru<\/strong>, <strong>Argentina<\/strong>, <strong>Brazil<\/strong>, <strong>Japan<\/strong>, <strong>Ecuador<\/strong>, and <strong>Chile<\/strong>.<\/p>\n<p>\u2022 Paseo Bulnes transformed into a cinema under the stars featuring a public and free screening of the acclaimed documentary The Eternal Memory.<\/p>\n<p>Conecta has established itself in the region as a breeding ground for new talents and projects in development. As an industry meeting, one of its main objectives is to be a space dedicated to promoting the commercialization and distribution of Latin American projects and connecting them with the world. This year, 27 countries from America, Europe, and Asia, 46 participating projects, 38 international guests, and 21 national guests were present.<\/p>\n<p>Diego Pino, Executive Director of CCDoc, points out that \u00abThis year, we want to express our gratitude, particularly to the representatives of the Latin American projects that participated in Conecta because, through their different perspectives and diversity of languages, they attended the meeting not only to connect with the industry but also intending to build networks that strengthen the documentary community, It is also a search for identity and belonging, which, nowadays is reflective of the problems afflicting the continent. We hope the connections made during Conecta foster a sustainable relationship over time.<\/p>\n<p>On the other hand, we would like to thank our international guests, who, through their diverse market insights and extensive industry experience, came not only to connect with projects but also to engage in filmmakers&#8217; reflections and discussions, contributing to the creation of bonds ranging from the professional to the most human. \u00bb<\/p>\n<p>Also noteworthy are the numerous alliances and collaborators that made this outstanding version of Conecta possible. Among them, Diego Portales University played a key role by opening its doors as the venue for the most crucial industry activities. \u00abFrom Diego Portales University, the Nicanor Parra Library, American Corner, and the School of Film and Audiovisual Production, we appreciate Conecta&#8217;s trust in us by choosing us as its main venue for the 2023 edition. In the first year of our school, it is very significant to be able to make alliances like the one we formed with Conecta. A shared spirit unites us, centered around building trusting relationships, a love for documentary projects, and the certainty that creativity flourishes in collaboration.<\/p>\n<p>\u00abWe appreciate the opportunity our students had to participate as volunteers in the organization and as attendees of the workshops, allowing them to experience an industry event from the inside in a way that differs greatly from what the classroom can offer. We are also delighted to have had the chance to host The Whickers&#8217; pitch in our Faculty&#8217;s TV studio. We hope this partnership continues for many more years, \u00bb says Alvaro Ceppi, Director of the School of Film and Audiovisual Production. Diego Portales University.<\/p>\n<p>In its seven previous years, Conecta has received a total of 2,500 applications, from which 460 projects and finished works were selected. Latin American producers and directors have connected with 318 representatives from the global documentary audiovisual industry.<\/p>\n<p>In its 2023 edition, Conecta selected 16 projects for its three workshops out of a total of 223 submissions, with more than half directed by women. The representatives of these projects come from Peru, Argentina, Brazil, Ecuador, Venezuela, the Dominican Republic, Panama, Mexico, and Chile.<\/p>\n<p>In addition, for the second consecutive year, The Whickers Pitch was publicly held, featuring Jane Mote, Editorial Consultant of this British fund that aims to promote debut films in Latin America. On this occasion, seven projects presented their pitches to an international jury to compete for the grand prize of 3,000 pounds sterling. The award went to Green Kids, a Brazilian-Japanese project.<\/p>\n<p>And, for the third consecutive year, Conecta and the Santiago International Documentary Film Festival FIDOCS joined forces to carry out the DOCS IN PROGRESS FIDOCS + CONECTA section. For this WIP, seven feature films in the editing stage were selected from five Latin American countries: Peru, Argentina, Mexico, Venezuela, and Chile.<\/p>\n<p>\ud83c\udfac The awarded projects are \ud83c\udfac<\/p>\n<p>\ud83c\udfc6 Special Jury Award of the FIDOCS First Cut Award<br \/>\n(For projects selected in the Docs in Progress Fidocs + Conecta)<\/p>\n<p>\u2728 Mailin<br \/>\nArgentina<br \/>\nDir. Mar\u00eda Silvia Esteve<br \/>\nProd. Mar\u00eda Silvia Esteve and Alejandra L\u00f3pez<br \/>\nSEE MORE<\/p>\n<p>\ud83c\udfc6 FIDOCS First Cut Award Winner<br \/>\n(For projects selected in the Docs in Progress Fidocs + Conecta)<\/p>\n<p>\u2728 La b\u00fasqueda del otro<br \/>\n\u2728 Searching for the Other<br \/>\nChile<br \/>\nDir. Cons Gallardo<br \/>\nProd. Esteban Sandoval<br \/>\nSEE MORE<\/p>\n<p>\ud83c\udfc6 THE WHICKERS AWARD<br \/>\n\u2728 Green Kids<br \/>\nBrazil, Japan<br \/>\nDir. Pedri Nishi<br \/>\nProd. Jo\u00e3o Pedro Bim and Lucas Silva Campos<br \/>\nSEE MORE<\/p>\n<p>\ud83c\udfc6CANNES DOCS AWARD<br \/>\n\u2728 La b\u00fasqueda del otro<br \/>\n\u2728 Searching for the Other<br \/>\nChile<br \/>\nDir. Cons Gallardo<br \/>\nProd. Esteban Sandoval<br \/>\nSEE MORE<\/p>\n<p>\ud83c\udfc6 MEDIOCIELO AWARD<br \/>\n\u2728 Donde hablan las monta\u00f1as<br \/>\n\u2728 Thus Spoke the Mountains<br \/>\nPeru, Chile<br \/>\nDir. \u00c1lvaro Sarmiento<br \/>\nProd. Diego Sarmiento and Juan Francisco Gonz\u00e1lez<br \/>\nSEE MORE<\/p>\n<p>\ud83c\udfc6 CINETECA NACIONAL DE CHILE AWARD<br \/>\n\u2728 Buenos d\u00edas, Wiraqocha<br \/>\n\u2728 Good Morning, Wiraqocha<br \/>\nPeru<br \/>\nDir. Mauricio Godoy<br \/>\nProd. Illari Orccottoma, Paula Ch\u00e1vez L\u00f3pez and Mauricio Godoy<br \/>\nSEE MORE<\/p>\n<p>\ud83c\udfc6 DOCMONTEVIDEO AWARD<br \/>\n\u2728 Green Kids<br \/>\nBrazil, Japan<br \/>\nDir. Pedri Nishi<br \/>\nProd. Jo\u00e3o Pedro Bim and Lucas Silva Campos<br \/>\nSEE MORE<\/p>\n<p>\ud83c\udfc6 R2MEDIA AWARD<br \/>\n\u2728 Walacha<br \/>\nPeru<br \/>\nDir. Guadalupe Cuba<br \/>\nProd. Marco Panatonic<br \/>\nSEE MORE<\/p>\n<p>\ud83c\udfc6 SHEFFIELD DOC\/FEST AWARD<br \/>\n\u2728 La \u00faltima cuadra<br \/>\n\u2728 The Last Block<br \/>\nPeru<br \/>\nDir. Karoline Pelikan<br \/>\nProd. Karito De Negri and Karoline Pelikan<br \/>\nSEE MORE<\/p>\n<p>\ud83c\udfc6 BOLIVIA LAB AWARD<br \/>\n\u2728 En el camino a casa<br \/>\n\u2728 On the Way Home<br \/>\nChile<br \/>\nDir. Paola Campos<br \/>\nProd. Vicente Barros<br \/>\nSEE MORE<\/p>\n<p>\ud83c\udfc6 DOCSMX AWARD<br \/>\n\u2728 \u00a1Apaguen la radio! \u00a1Radiota Apagay!<br \/>\n\u2728 Turn Off the Radio!<br \/>\nEcuador<br \/>\nDir. Jaqueline Aimaca\u00f1a<br \/>\nProd. Jaqueline Aimaca\u00f1a and David Lasso<br \/>\nSEE MORE<\/p>\n<p>\ud83c\udfc6 DOCSP AWARD<br \/>\n\u2728 Br\u00fccher. Cr\u00f3nica Bot\u00e1nica Inaudita<br \/>\n\u2728 Br\u00fccher. Unaudited Botanical Chronicle<br \/>\nArgentina<br \/>\nDir. Mariana Elena Guzzante and Camila Men\u00e9ndez<br \/>\nProd. Silvana D\u00edaz Coppoletta<br \/>\nSEE MORE<\/p>\n<p>\ud83c\udfc6 ADOC AWARD<br \/>\n\u2728\u00a1Apaguen la radio! \u2013 \u00a1Radiota apagay!<br \/>\n\u2728 Turn off the Radio!<br \/>\nEcuador<br \/>\nDir. Jacqueline Aimaca\u00f1a<br \/>\nProd. Jacqueline Aimaca\u00f1a and David Lasso<br \/>\nSEE MORE<\/p>\n","protected":false},"excerpt":{"rendered":"<p>\u2022 Conecta took place from December 12 to 15, 2023, in Santiago, Chile. Among guests from the documentary community, filmmakers, and workshop participants, 27 countries from the Americas, Europe, and Asia were represented. \u2022 The Brazilian-Japanese project Green Kids, directed by Pedro Nishi and produced by Jo\u00e3o Pedro Bim and Lucas Silva Campos, received the [&hellip;]<\/p>\n","protected":false},"author":7,"featured_media":0,"comment_status":"open","ping_status":"open","sticky":false,"template":"","format":"standard","meta":{"footnotes":""},"categories":[1],"tags":[],"class_list":["post-8445","post","type-post","status-publish","format-standard","hentry","category-noticias"],"acf":[],"_links":{"self":[{"href":"https:\/\/chileconecta.cl\/en\/wp-json\/wp\/v2\/posts\/8445","targetHints":{"allow":["GET"]}}],"collection":[{"href":"https:\/\/chileconecta.cl\/en\/wp-json\/wp\/v2\/posts"}],"about":[{"href":"https:\/\/chileconecta.cl\/en\/wp-json\/wp\/v2\/types\/post"}],"author":[{"embeddable":true,"href":"https:\/\/chileconecta.cl\/en\/wp-json\/wp\/v2\/users\/7"}],"replies":[{"embeddable":true,"href":"https:\/\/chileconecta.cl\/en\/wp-json\/wp\/v2\/comments?post=8445"}],"version-history":[{"count":3,"href":"https:\/\/chileconecta.cl\/en\/wp-json\/wp\/v2\/posts\/8445\/revisions"}],"predecessor-version":[{"id":8449,"href":"https:\/\/chileconecta.cl\/en\/wp-json\/wp\/v2\/posts\/8445\/revisions\/8449"}],"wp:attachment":[{"href":"https:\/\/chileconecta.cl\/en\/wp-json\/wp\/v2\/media?parent=8445"}],"wp:term":[{"taxonomy":"category","embeddable":true,"href":"https:\/\/chileconecta.cl\/en\/wp-json\/wp\/v2\/categories?post=8445"},{"taxonomy":"post_tag","embeddable":true,"href":"https:\/\/chileconecta.cl\/en\/wp-json\/wp\/v2\/tags?post=8445"}],"curies":[{"name":"wp","href":"https:\/\/api.w.org\/{rel}","templated":true}]}}