{"id":9560,"date":"2024-12-17T16:37:42","date_gmt":"2024-12-17T19:37:42","guid":{"rendered":"https:\/\/chileconecta.cl\/en\/?p=9560"},"modified":"2024-12-17T16:39:37","modified_gmt":"2024-12-17T19:39:37","slug":"conecta-2024-awards-17-prizes-in-a-successful-closing-ceremony","status":"publish","type":"post","link":"https:\/\/chileconecta.cl\/en\/noticias\/conecta-2024-awards-17-prizes-in-a-successful-closing-ceremony\/","title":{"rendered":"Conecta 2024 Awards 17 Prizes in a Successful Closing Ceremony"},"content":{"rendered":"<p>\u25cf The event brought together\u00a0<strong>79 documentary industry professionals<\/strong> who, alongside the participants of various projects,\u00a0represented a broad and diverse scope, coming from <strong>28 countries across America, Europe, and Asia.<\/strong><\/p>\n<p>\u25cf In this edition of <strong>Conecta,\u00a0332 applications<\/strong> were submitted\u00a0from <strong>18 Latin American countries<\/strong>, resulting in the selection of\u00a0<strong>73 documentary projects.<\/strong> These projects participated in <strong>over 900<\/strong> group and individual <strong>meetings<\/strong>, two workshops, two industry sections, and activities open to the public.<\/p>\n<p>\u25cf The Conecta 2024 awards:\u00a0FIDOCS First Cut Award, Cineteca Nacional Award, SONAMOS Award, Cannes Docs Award, Mediocielo Films Award, The Whickers Award, DocsMX Award, Sheffield Doc Fest Award, DocSP Award, ADOC Award,IDA Award, Documenta Sur Award, Albatros Post Award, and Sunny Side of the Doc Award,\u00a0were granted to projects from Costa Rica, Guatemala, the Dominican Republic, Chile, Colombia, Canada, Mexico, Brazil, Vietnam, Ethiopia, Indonesia, Argentina, Spain, and Peru.<\/p>\n<p>\u25cf The Awards and Closing Ceremony, attended by <strong>over 150 people<\/strong>, featured the presence of the <strong>Minister of Cultures, Arts, and Heritage, Carolina Arredondo<\/strong>, and <strong>Ricardo Brodsky, Director of the \u00d1u\u00f1oa Cultural Corporation<\/strong>, who addressed the audience with brief remarks.<\/p>\n<p><strong>Conecta, the Meeting of the International Documentary Film Industry,<\/strong> took place from <strong>December 10 to 13, 2024, in Santiago, Chile<\/strong>. The event was organized by the Chilean Documentary Corporation (CCDoc) and brought together filmmakers with producers, sales agents, distributors, exhibitors, financiers, and prominent figures from the world\u2019s leading markets and festivals. Conecta was supported by Chiledoc, the Chilean documentary sector brand, which sponsored the opening ceremony and facilitated the attendance of three invited guests.<\/p>\n<p><strong>Diego Pino, Executive Director of CCDoc,<\/strong> states: <em>\u201cToday we conclude these four intense, exciting, and fruitful days, during which we reflected on new stories, perspectives, and languages. This year, the participating projects present diverse views on our identity as Latin Americans and offer a reflective proposal on the world around us. All these realities and visions lead us to collectively consider the pressing question of the future of our sector and the planet, especially in a fractured, changing, and challenging global scenario for humanity.\u201d<\/em><\/p>\n<p>For the third consecutive year, the <strong>Pitch The Whickers<\/strong> session was held, led by Jane Mote, Editorial Consultant for The Whickers\u2014a British fund aimed at strengthening the documentary industry. This year, <strong>eight debut feature projects<\/strong> were selected and presented their pitches to an international jury, competing for the \u00a33,000 award, which was granted to the Mexican project\u00a0<strong><a href=\"https:\/\/chileconecta.cl\/en\/projects\/phospho\/\" rel=\"noopener\" target=\"_blank\">Fosfo<\/a><\/strong>.<\/p>\n<p><img loading=\"lazy\" decoding=\"async\" src=\"https:\/\/chileconecta.cl\/en\/wp-content\/uploads\/2024\/12\/Pitch-The-Whickers-2024_boletin-dia-4-1024x633.jpg\" alt=\"\" width=\"1024\" height=\"633\" class=\"aligncenter size-large wp-image-9561\" srcset=\"https:\/\/chileconecta.cl\/en\/wp-content\/uploads\/2024\/12\/Pitch-The-Whickers-2024_boletin-dia-4-1024x633.jpg 1024w, https:\/\/chileconecta.cl\/en\/wp-content\/uploads\/2024\/12\/Pitch-The-Whickers-2024_boletin-dia-4-300x185.jpg 300w, https:\/\/chileconecta.cl\/en\/wp-content\/uploads\/2024\/12\/Pitch-The-Whickers-2024_boletin-dia-4-768x474.jpg 768w, https:\/\/chileconecta.cl\/en\/wp-content\/uploads\/2024\/12\/Pitch-The-Whickers-2024_boletin-dia-4-1536x949.jpg 1536w, https:\/\/chileconecta.cl\/en\/wp-content\/uploads\/2024\/12\/Pitch-The-Whickers-2024_boletin-dia-4.jpg 2048w\" sizes=\"auto, (max-width: 1024px) 100vw, 1024px\" \/><\/p>\n<p>Over 100 applications were received in the fourth year of our partnership with the Santiago International Documentary Festival (FIDOCS) to carry out the <a href=\"https:\/\/chileconecta.cl\/en\/noticias\/docs-in-progress-fidocs-conecta-competition-showcases-feature-films-from-seven-latin-american-countries\/\" rel=\"noopener\" target=\"_blank\">Docs in Progress FIDOCS + Conecta<\/a> section. Six projects were selected for this Work in Progress (WIP), where they participated in specialized mentoring and received feedback from both national and international industry agents.<\/p>\n<p><ins datetime=\"2024-12-17T19:07:50+00:00\">The awarded projects are:<\/ins><\/p>\n<p>\ud83c\udfc6<strong>Special Jury Mention for the FIDOCS First Cut Award<\/strong><br \/>\n<em>(For projects selected in Docs in Progress FIDOCS + Conecta)<\/em><br \/>\n\u2728<strong>Hombres perdidos<br \/>\n\u2728<em>Lost Men<\/em><\/strong><br \/>\nCosta Rica \/ Guatemala<br \/>\nDirector: Andr\u00e9s Madrigal<br \/>\nProducers: Sof\u00eda Meza Herrera and Felipe D\u00edaz<br \/>\n<a href=\"https:\/\/www.instagram.com\/p\/DDiekoku6Wo\/?utm_source=ig_web_copy_link\" rel=\"noopener\" target=\"_blank\">See more<\/a><\/p>\n<p>\ud83c\udfc6<strong>FIDOCS First Cut Award<\/strong><br \/>\n<em>(For projects selected in Docs in Progress FIDOCS + Conecta)<\/em><br \/>\n\u2728<strong>Ni\u00f1as escarlata<br \/>\n\u2728<em>Scarlet Girls<\/em><\/strong><br \/>\nDominican Republic<br \/>\nDirector: Paula Cury<br \/>\nProducers: Samuel Didonato and Natalia Imaz<br \/>\n<a href=\"https:\/\/www.instagram.com\/p\/DDie70AO09a\/?utm_source=ig_web_copy_link&#038;igsh=MzRlODBiNWFlZA%3D%3D\" rel=\"noopener\" target=\"_blank\">See more<\/a><\/p>\n<p>\ud83c\udfc6<strong>Cineteca Nacional Award<br \/>\n\u2728La vida que vendr\u00e1<br \/>\n\u2728 <em>The Life That Will Come&#8217;<\/em><\/strong><br \/>\nChile \/ Colombia<br \/>\nDirector: Karin Cuyul<br \/>\nProducers: Jos\u00e9phine Schroeder and Jer\u00f3nimo Atehort\u00faa<br \/>\n<a href=\"https:\/\/www.instagram.com\/p\/DDik9RKuZ9I\/?utm_source=ig_web_copy_link&#038;igsh=MzRlODBiNWFlZA%3D%3D\" rel=\"noopener\" target=\"_blank\">See more<\/a><\/p>\n<p>\ud83c\udfc6<strong>SONAMOS Award<br \/>\n\u2728La vida que vendr\u00e1<br \/>\n\u2728<em> The Life That Will Come&#8217;<\/em><\/strong><br \/>\nChile \/ Colombia<br \/>\nDirector: Karin Cuyul<br \/>\nProducers: Jos\u00e9phine Schroeder and Jer\u00f3nimo Atehort\u00faa<br \/>\n<a href=\"https:\/\/www.instagram.com\/p\/DDijMFTujxQ\/?utm_source=ig_web_copy_link&#038;igsh=MzRlODBiNWFlZA%3D%3D\" rel=\"noopener\" target=\"_blank\">See more<\/a><\/p>\n<p>\ud83c\udfc6<strong>Cannes Docs Award<\/strong><br \/>\n\u2728<strong>Hombres perdidos<br \/>\n\u2728<em>Lost Men<\/em><\/strong><br \/>\nCosta Rica \/ Guatemala<br \/>\nDirector: Andr\u00e9s Madrigal<br \/>\nProducers: Sof\u00eda Meza Herrera and Felipe D\u00edaz<br \/>\n<a href=\"https:\/\/www.instagram.com\/p\/DDia01murE8\/?utm_source=ig_web_copy_link&#038;igsh=MzRlODBiNWFlZA%3D%3D\" rel=\"noopener\" target=\"_blank\">See more<\/a><\/p>\n<p>\ud83c\udfc6<strong>Mediocielo Films Award<br \/>\n\u2728 La sed del viento<br \/>\n\u2728 <em>The Wind\u2019s Thirst<\/em><\/strong><br \/>\nColombia \/ Canada<br \/>\nDirector: Alejandro Valbuena<br \/>\nProducer: Vanessa C\u00e1ceres<br \/>\n<a href=\"https:\/\/www.instagram.com\/p\/DDidXTAOYEf\/?utm_source=ig_web_copy_link&#038;igsh=MzRlODBiNWFlZA%3D%3D\" rel=\"noopener\" target=\"_blank\">See more<\/a><\/p>\n<p>\ud83c\udfc6<strong>The Whickers Award<br \/>\n\u2728Fosfo<br \/>\n\u2728<em>Phospho<\/em><\/strong><br \/>\nMexico<br \/>\nDirector: Humberto Busto and Guz Guevara<br \/>\nProducer: Abril L\u00f3pez<br \/>\n<a href=\"https:\/\/www.instagram.com\/p\/DDigU2iOTt0\/?utm_source=ig_web_copy_link&#038;igsh=MzRlODBiNWFlZA%3D%3D\" rel=\"noopener\" target=\"_blank\">See more<\/a><\/p>\n<p>\ud83c\udfc6<strong>DocsMX Award<br \/>\n\u2728El arte de perder el tiempo<br \/>\n\u2728<em>The Art of Wasting Time<\/em><\/strong><br \/>\nChile<br \/>\nDirector: Camila Toro Cortez<br \/>\nProducers: Daniel D\u00edaz Oyarz\u00fan and Esteban Sandoval Carrasco<br \/>\n<a href=\"https:\/\/www.instagram.com\/p\/DDikrsluHzo\/?utm_source=ig_web_copy_link&#038;igsh=MzRlODBiNWFlZA%3D%3D\" rel=\"noopener\" target=\"_blank\">See more<\/a><\/p>\n<p>\ud83c\udfc6<strong>DocsMX Award<br \/>\n\u2728Canales Australes<br \/>\n\u2728<em>Southern Channels<\/em><\/strong><br \/>\nChile<br \/>\nDirectors: Pilar Higuera Valencia and Crist\u00f3bal Arenas Rebolledo<br \/>\nProducer: Juan Francisco Gonz\u00e1lez<br \/>\n<a href=\"https:\/\/www.instagram.com\/p\/DDikVsFuFXX\/?utm_source=ig_web_copy_link&#038;igsh=MzRlODBiNWFlZA%3D%3D\" rel=\"noopener\" target=\"_blank\">See more<\/a><\/p>\n<p>\ud83c\udfc6<strong>Sheffield Doc Fest Award<br \/>\n\u2728El arte de perder el tiempo<br \/>\n\u2728<em>The Art of Wasting Time<\/em><\/strong><br \/>\nChile<br \/>\nDirector: Camila Toro Cortez<br \/>\nProducers: Daniel D\u00edaz Oyarz\u00fan and Esteban Sandoval Carrasco<br \/>\n<a href=\"https:\/\/www.instagram.com\/p\/DDijmdYOUhN\/?utm_source=ig_web_copy_link\" rel=\"noopener\" target=\"_blank\">See more<\/a><\/p>\n<p>\ud83c\udfc6<strong>DocSP Award<br \/>\n\u2728Detr\u00e1s de la taza<br \/>\n\u2728<em>Beyond the Cup<\/em><\/strong><br \/>\nMexico\/ Colombia\/ Brazil\/ Vietnam\/ Ethiopia\/ Indonesia<br \/>\nDirector: Alex Noppel<br \/>\nProducer: Gibran Cervantes<br \/>\n<a href=\"https:\/\/www.instagram.com\/p\/DDicWsUOREd\/\" rel=\"noopener\" target=\"_blank\">See more<\/a><\/p>\n<p>\ud83c\udfc6<strong>ADOC Award<br \/>\n\u2728<em>Bad Light<\/em><\/strong><br \/>\nArgentina<br \/>\nDirector: Paula Martel<br \/>\nProducers: Paula Martel and Francisco Novick<br \/>\n<a href=\"https:\/\/www.instagram.com\/p\/DDieJc2uV8f\/?igsh=d2ppY3ZkY203NnBn\" rel=\"noopener\" target=\"_blank\">See more<\/a><\/p>\n<p>\ud83c\udfc6<strong>IDA Award<br \/>\n\u2728Anna Borges do Sacramento<\/strong><br \/>\nBrazil \/ Spain<br \/>\nDirector: A\u00edda Esther Bueno<br \/>\nProducers: Rafael Sampaio and Wendy P. Espinal<br \/>\n<a href=\"https:\/\/www.instagram.com\/p\/DDifVsQuMpY\/?igsh=djNrb25mOWp3bWNz\" rel=\"noopener\" target=\"_blank\">See more<\/a><\/p>\n<p>\ud83c\udfc6<strong>IDA Award<br \/>\n\u2728Grietas<br \/>\n\u2728<em>Cracks<\/em><\/strong><br \/>\nPeru<br \/>\nDirector: Alberto Flores<br \/>\nProducer: Walter Manrique<br \/>\n<a href=\"https:\/\/www.instagram.com\/p\/DDiffbrugA0\/?igsh=bHRqczlzb3Fiemx2\" rel=\"noopener\" target=\"_blank\">See more<\/a><\/p>\n<p>\ud83c\udfc6<strong>Documenta Sur Award<br \/>\n\u2728El silencio de los tel\u00e9fonos<br \/>\n\u2728<em>The Silence of Telephones<\/em><\/strong><br \/>\nChile<br \/>\nDirector: Christian Sinclair Garmendia<br \/>\nProducer: David Guzm\u00e1n<br \/>\n<a href=\"https:\/\/www.instagram.com\/p\/DDidrA2OF_M\/?igsh=Y25ta3Bqd2NmY3J6\" rel=\"noopener\" target=\"_blank\">See more<\/a><\/p>\n<p>\ud83c\udfc6<strong>Albatros Post Award<br \/>\n\u2728El arte de la guerra<br \/>\n\u2728<em>The Art of War<\/em><\/strong><br \/>\nPeru<br \/>\nDirectors: Grecia Barbieri and Gonzalo Benavente<br \/>\nProducer: Carolina Denegri<br \/>\n<a href=\"https:\/\/www.instagram.com\/p\/DDiizKPuu8a\/?igsh=MTZtN3VuaXMxbm1lOA%3D%3D\" rel=\"noopener\" target=\"_blank\">See more<\/a><\/p>\n<p>\ud83c\udfc6<strong>Sunny Side of the Doc Award<br \/>\n\u2728La Sombra de Yol\u00fcja<br \/>\n\u2728The Shadow of Yol\u00fcja<\/strong><br \/>\nColombia<br \/>\nDirectors: Hanz Rippe and Fernanda Pineda<br \/>\nProducers: Fernanda Pineda<br \/>\n<a href=\"https:\/\/www.instagram.com\/p\/DDiajcEOe5l\/?igsh=MXM3emJ3ZXZrbDF1bA%3D%3D\" rel=\"noopener\" target=\"_blank\">See more<\/a><\/p>\n<p><img loading=\"lazy\" decoding=\"async\" src=\"https:\/\/chileconecta.cl\/en\/wp-content\/uploads\/2024\/12\/091A5761-2-1024x683.jpg\" alt=\"\" width=\"1024\" height=\"683\" class=\"aligncenter size-large wp-image-9562\" srcset=\"https:\/\/chileconecta.cl\/en\/wp-content\/uploads\/2024\/12\/091A5761-2-1024x683.jpg 1024w, https:\/\/chileconecta.cl\/en\/wp-content\/uploads\/2024\/12\/091A5761-2-300x200.jpg 300w, https:\/\/chileconecta.cl\/en\/wp-content\/uploads\/2024\/12\/091A5761-2-768x512.jpg 768w, https:\/\/chileconecta.cl\/en\/wp-content\/uploads\/2024\/12\/091A5761-2-1536x1025.jpg 1536w, https:\/\/chileconecta.cl\/en\/wp-content\/uploads\/2024\/12\/091A5761-2.jpg 2048w\" sizes=\"auto, (max-width: 1024px) 100vw, 1024px\" \/><br \/>\n<em>Representatives of the awarded projects at Conecta 2024<\/em><\/p>\n<p>______________________________________________________________________________<\/p>\n<p><strong>Conecta is supported and funded <\/strong>by the Ministry of Cultures, Arts, and Heritage; the Support Program for Collaborating Cultural Organizations (PAOCC); ProChile; Chiledoc; the Embassy of France; the French Institute of Chile; French Regional Cooperation; the Wallonia-Brussels Representation, under the Embassy of Belgium in Chile; the \u00d1u\u00f1oa Cultural Corporation; and the \u00d1u\u00f1oa cinema hall.<\/p>\n<p><strong>In partnership with:<\/strong> the Chilean Documentary Filmmakers Association (ADOC), Albatros, the Independent Producers Association (API), Bolivia Lab, Brasil Cine Mundi, Cannes Docs, the Chilean National Film Archive, the S\u00e3o Paulo International Documentary Meeting (DocSP), the Mexico City International Documentary Film Festival (Docs MX), Documenta Sur, Encuentros Australes, the Santiago International Documentary Festival (FIDOCS) \u2014a three-year alliance through which we organize Docs in Progress FIDOCS + Conecta\u2014the International Documentary Association (IDA), In-Edit, the International Documentary Film Festival Amsterdam (IDFA), Mediocielo Films, MUBI, Polo Audiovisual R\u00edo Negro, the Bariloche Audiovisual Festival (FAB), Sheffield Doc Fest, Sonamos, the Sundance Documentary Film Institute, Sunny Side of the Doc, and The Whickers.<\/p>\n<p><strong>With the collaboration of<\/strong>: the \u00d1u\u00f1oa Chamber of Commerce, Miradoc Estrenos, Miradoc Butaca Liberada, La Fresia, and Plaza Espect\u00e1culos. <strong>Supported by media partners<\/strong>: Latam Cinema and T\u00fa Radio \u00d1u\u00f1oa. <strong>Sponsored by:<\/strong> Gin Erva, Vermut Luther, and Ginger Beer Ewu; and with the support of the documentary sector brand Chiledoc, host of the opening ceremony.<\/p>\n","protected":false},"excerpt":{"rendered":"<p>\u25cf The event brought together\u00a079 documentary industry professionals who, alongside the participants of various projects,\u00a0represented a broad and diverse scope, coming from 28 countries across America, Europe, and Asia. \u25cf In this edition of Conecta,\u00a0332 applications were submitted\u00a0from 18 Latin American countries, resulting in the selection of\u00a073 documentary projects. These projects participated in over 900 [&hellip;]<\/p>\n","protected":false},"author":7,"featured_media":0,"comment_status":"open","ping_status":"open","sticky":false,"template":"","format":"standard","meta":{"footnotes":""},"categories":[1],"tags":[],"class_list":["post-9560","post","type-post","status-publish","format-standard","hentry","category-noticias"],"acf":[],"_links":{"self":[{"href":"https:\/\/chileconecta.cl\/en\/wp-json\/wp\/v2\/posts\/9560","targetHints":{"allow":["GET"]}}],"collection":[{"href":"https:\/\/chileconecta.cl\/en\/wp-json\/wp\/v2\/posts"}],"about":[{"href":"https:\/\/chileconecta.cl\/en\/wp-json\/wp\/v2\/types\/post"}],"author":[{"embeddable":true,"href":"https:\/\/chileconecta.cl\/en\/wp-json\/wp\/v2\/users\/7"}],"replies":[{"embeddable":true,"href":"https:\/\/chileconecta.cl\/en\/wp-json\/wp\/v2\/comments?post=9560"}],"version-history":[{"count":3,"href":"https:\/\/chileconecta.cl\/en\/wp-json\/wp\/v2\/posts\/9560\/revisions"}],"predecessor-version":[{"id":9565,"href":"https:\/\/chileconecta.cl\/en\/wp-json\/wp\/v2\/posts\/9560\/revisions\/9565"}],"wp:attachment":[{"href":"https:\/\/chileconecta.cl\/en\/wp-json\/wp\/v2\/media?parent=9560"}],"wp:term":[{"taxonomy":"category","embeddable":true,"href":"https:\/\/chileconecta.cl\/en\/wp-json\/wp\/v2\/categories?post=9560"},{"taxonomy":"post_tag","embeddable":true,"href":"https:\/\/chileconecta.cl\/en\/wp-json\/wp\/v2\/tags?post=9560"}],"curies":[{"name":"wp","href":"https:\/\/api.w.org\/{rel}","templated":true}]}}